{"id":4398,"date":"2025-04-28T18:02:14","date_gmt":"2025-04-28T21:02:14","guid":{"rendered":"https:\/\/horatech.shop\/?p=4398"},"modified":"2025-04-28T18:02:16","modified_gmt":"2025-04-28T21:02:16","slug":"por-que-sentimos-deja-vu-a-ciencia-por-tras-dessa-sensacao","status":"publish","type":"post","link":"https:\/\/horatech.shop\/fr\/por-que-sentimos-deja-vu-a-ciencia-por-tras-dessa-sensacao\/","title":{"rendered":"Pourquoi ressentons-nous \u00abd\u00e9j\u00e0-vu\u00bb? - La science derri\u00e8re cette sensation"},"content":{"rendered":"<p>Avez-vous eu cet \u00e9trange sentiment d'avoir v\u00e9cu exactement ce moment auparavant? \ud83e\udd2f Une conversation, un endroit, m\u00eame une odeur\u2026 tout semble incroyablement familier, m\u00eame si votre esprit rationnel dit le contraire. <\/p>\n\n\n\n<p>Cette exp\u00e9rience intrigante est le c\u00e9l\u00e8bre \u00abD\u00e9j\u00e0 vu\u00bb (des Fran\u00e7ais, \u00abd\u00e9j\u00e0 vu\u00bb), et croyez-moi, c'est beaucoup plus courant que vous ne le pensez! <\/p>\n\n\n\n<p>Aujourd'hui, plongeons-nous dans le monde fascinant des neurosciences pour d\u00e9m\u00ealer les myst\u00e8res derri\u00e8re cette sensation au-del\u00e0 de Curious. <\/p>\n\n\n\n<figure class=\"wp-block-image aligncenter size-large\"><img data-recalc-dims=\"1\" decoding=\"async\" width=\"1024\" height=\"683\" src=\"https:\/\/i0.wp.com\/horatech.shop\/wp-content\/uploads\/2025\/04\/Por-que-sentimos-%E2%80%98deja-vu-%E2%80%93-A-ciencia-por-tras-dessa-sensacao.png?resize=1024%2C683&#038;ssl=1\" alt=\"\" class=\"wp-image-4421\" srcset=\"https:\/\/i0.wp.com\/horatech.shop\/wp-content\/uploads\/2025\/04\/Por-que-sentimos-%E2%80%98deja-vu-%E2%80%93-A-ciencia-por-tras-dessa-sensacao.png?resize=1024%2C683&amp;ssl=1 1024w, https:\/\/i0.wp.com\/horatech.shop\/wp-content\/uploads\/2025\/04\/Por-que-sentimos-%E2%80%98deja-vu-%E2%80%93-A-ciencia-por-tras-dessa-sensacao.png?resize=300%2C200&amp;ssl=1 300w, https:\/\/i0.wp.com\/horatech.shop\/wp-content\/uploads\/2025\/04\/Por-que-sentimos-%E2%80%98deja-vu-%E2%80%93-A-ciencia-por-tras-dessa-sensacao.png?resize=768%2C512&amp;ssl=1 768w, https:\/\/i0.wp.com\/horatech.shop\/wp-content\/uploads\/2025\/04\/Por-que-sentimos-%E2%80%98deja-vu-%E2%80%93-A-ciencia-por-tras-dessa-sensacao.png?resize=18%2C12&amp;ssl=1 18w, https:\/\/i0.wp.com\/horatech.shop\/wp-content\/uploads\/2025\/04\/Por-que-sentimos-%E2%80%98deja-vu-%E2%80%93-A-ciencia-por-tras-dessa-sensacao.png?resize=150%2C100&amp;ssl=1 150w, https:\/\/i0.wp.com\/horatech.shop\/wp-content\/uploads\/2025\/04\/Por-que-sentimos-%E2%80%98deja-vu-%E2%80%93-A-ciencia-por-tras-dessa-sensacao.png?w=1200&amp;ssl=1 1200w\" sizes=\"(max-width: 1024px) 100vw, 1024px\" \/><figcaption class=\"wp-element-caption\"><em>Reproduction: pixabay<\/em><\/figcaption><\/figure>\n\n\n\n<p>Pr\u00e9parez-vous \u00e0 explorer les th\u00e9ories scientifiques qui essaient d'expliquer pourquoi parfois notre cerveau nous pr\u00eache cette pi\u00e8ce! \ud83e\udde0<\/p>\n\n\n\n<h2 class=\"wp-block-heading\">La danse de la m\u00e9moire: d\u00e9m\u00ealer les secrets scientifiques du d\u00e9j\u00e0-vu<\/h2>\n\n\n\n<p>Qui n'a jamais connu cette pointe de familiarit\u00e9 inexplicable? Vous \u00eates dans un nouvel endroit, parlant \u00e0 quelqu'un que vous venez de rencontrer, mais une \u00e9trange certitude vous envahit: vous avez d\u00e9j\u00e0 v\u00e9cu cette sc\u00e8ne. <\/p>\n\n\n\n<p>Cette sensation \u00e9ph\u00e9m\u00e8re et myst\u00e9rieuse est d\u00e9c\u00e9d\u00e9, un ph\u00e9nom\u00e8ne qui intrigue les scientifiques et les philosophes pendant des si\u00e8cles. <\/p>\n\n\n\n<p>Loin d'\u00eatre un laps de temps dans la matrice ou une pr\u00e9monition, le d\u00e9j\u00e0-vu a des explications scientifiques fascinantes qui impliquent le fonctionnement complexe de notre cerveau et la fa\u00e7on dont nous traitons les souvenirs. Explorons certaines des th\u00e9ories les plus accept\u00e9es! \ud83e\uddd0<\/p>\n\n\n\n<h3 class=\"wp-block-heading\">1. L'hypoth\u00e8se du \u00abcourt-circuit\u00bb en m\u00e9moire \u26a1<\/h3>\n\n\n\n<p>L'une des th\u00e9ories les plus populaires sugg\u00e8re que le D\u00e9j\u00e0 Vu peut \u00eatre caus\u00e9 par un petit \u00ab\u00e9touffement\u00bb dans le traitement de la m\u00e9moire dans notre cerveau. <\/p>\n\n\n\n<p>Imaginez que les informations sensorielles sur ce moment (ce que vous voyez, \u00e9coute, ressent) suit g\u00e9n\u00e9ralement un moyen de m\u00e9moire \u00e0 court terme, puis vers une m\u00e9moire \u00e0 long terme o\u00f9 elles sont stock\u00e9es et r\u00e9cup\u00e9r\u00e9es.<\/p>\n\n\n\n<p>L'hypoth\u00e8se du court-circuit propose que, parfois, ces informations sensorielles puissent \u00absauter\u00bb l'\u00e9tape de m\u00e9moire \u00e0 court terme et aller directement \u00e0 la m\u00e9moire \u00e0 long terme. <\/p>\n\n\n\n<p>Cela ferait du cerveau interpr\u00e9ter l'exp\u00e9rience actuelle comme quelque chose d\u00e9j\u00e0 stock\u00e9, g\u00e9n\u00e9rant cet \u00e9trange sentiment de familiarit\u00e9. <\/p>\n\n\n\n<p>C'est comme si le pr\u00e9sent avait \u00e9t\u00e9 \u00abd\u00e9pos\u00e9\u00bb \u00e0 tort tel que r\u00e9ussi. \ud83d\udcc2<\/p>\n\n\n\n<h3 class=\"wp-block-heading\">2. La th\u00e9orie du \u00abdouble traitement\u00bb ou de la disronisation temporelle \u23f3<\/h3>\n\n\n\n<p>Une autre explication int\u00e9ressante implique l'id\u00e9e que notre cerveau traite les informations dans diff\u00e9rents domaines et vitesses. <\/p>\n\n\n\n<p>La th\u00e9orie du double traitement sugg\u00e8re que parfois il peut y avoir une l\u00e9g\u00e8re disronisation \u00e0 un moment o\u00f9 ces informations atteignent les domaines responsables de la perception et de la m\u00e9moire.<\/p>\n\n\n\n<p>Dans ce sc\u00e9nario, une partie de votre cerveau peut traiter l'exp\u00e9rience un peu plus rapidement qu'un autre. <\/p>\n\n\n\n<p>Cette petite diff\u00e9rence de temps vous ferait r\u00e9aliser le moment actuel comme quelque chose qui a \u00e9t\u00e9 trait\u00e9 (m\u00eame si ce n'\u00e9tait qu'une fraction de seconde auparavant), cr\u00e9ant le sentiment de D\u00e9j\u00e0 vu. <\/p>\n\n\n\n<p>C'est comme si le \"maintenant\" venait \u00e0 votre cerveau en deux \"vagues\" l\u00e9g\u00e8rement retard\u00e9es. \ud83c\udf0a<\/p>\n\n\n\n<h3 class=\"wp-block-heading\">3. \u00c9checs de r\u00e9cup\u00e9ration de la m\u00e9moire: un \u00abfichier\u00bb presque accessible \ud83d\udd75\ufe0f\u200d\u2640\ufe0f<\/h3>\n\n\n\n<p>Une troisi\u00e8me th\u00e9orie se concentre sur les \u00e9checs dans la fa\u00e7on dont nous r\u00e9cup\u00e9rons les souvenirs. Notre cerveau cherche constamment des mod\u00e8les et essaie de cr\u00e9er des liens avec les exp\u00e9riences pass\u00e9es. <\/p>\n\n\n\n<p>Le D\u00e9j\u00e0 vu pourrait se produire lorsqu'une exp\u00e9rience actuelle partage (Visual, Sound, Olfactive) des \u00e9l\u00e9ments avec une m\u00e9moire ancienne qui n'est pas enti\u00e8rement accessible \u00e0 notre conscience.<\/p>\n\n\n\n<p>Dans ce cas, le cerveau reconna\u00eetrait ces \u00e9l\u00e9ments familiers, mais ne pouvait pas acc\u00e9der \u00e0 la m\u00e9moire compl\u00e8te. <\/p>\n\n\n\n<p>Ce \"conseil\" de familiarit\u00e9, sans la m\u00e9moire compl\u00e8te, pourrait g\u00e9n\u00e9rer l'\u00e9trange sentiment de d\u00e9j\u00e0 vu. <\/p>\n\n\n\n<p>C'est comme essayer de se souvenir du nom de quelqu'un que vous connaissez, mais je peux seulement sentir que vous vous connaissez. \ud83e\udd14<\/p>\n\n\n\n<h3 class=\"wp-block-heading\">4. La perspective de la micro-crise \u00e9pileptique \ud83e\udde0 (dans des cas sp\u00e9cifiques)<\/h3>\n\n\n\n<p>Bien que la plupart des occurrences de d\u00e9j\u00e0-vu soient br\u00e8ves et inoffensives, dans certains cas plus rares et plus fr\u00e9quentes, le ph\u00e9nom\u00e8ne peut \u00eatre associ\u00e9 \u00e0 des micrages \u00e9pileptiques qui affectent le lobe temporal du cerveau, un domaine important pour la m\u00e9moire et la reconnaissance. <\/p>\n\n\n\n<p>Dans de tels cas, le D\u00e9j\u00e0 vu peut \u00eatre accompagn\u00e9 d'autres sensations inhabituelles. <\/p>\n\n\n\n<p>Si vous ressentez le D\u00e9j\u00e0 vu tr\u00e8s souvent ou intens\u00e9ment, il est important de consulter un m\u00e9decin pour enqu\u00eater sur cette possibilit\u00e9. \u26a0\ufe0f<\/p>\n\n\n\n<h3 class=\"wp-block-heading\">5. Le r\u00f4le de la familiarit\u00e9 et de la reconnaissance \ud83d\udc41\ufe0f\ud83d\udc42\ud83d\udc43<\/h3>\n\n\n\n<p>Une th\u00e9orie plus simple sugg\u00e8re que le d\u00e9j\u00e0-vu peut \u00eatre le r\u00e9sultat d'un sentiment de familiarit\u00e9 exag\u00e9r\u00e9e avec une nouvelle exp\u00e9rience. <\/p>\n\n\n\n<p>Notre cerveau essaie constamment de trouver des mod\u00e8les et de reconna\u00eetre ce que nous avons vu, entendu ou ressenti. <\/p>\n\n\n\n<p>Dans certaines situations, une combinaison unique d'\u00e9l\u00e9ments sensoriels dans un nouvel environnement peut \u00e9voquer un fort sentiment de familiarit\u00e9, m\u00eame s'il n'y a pas de m\u00e9moire sp\u00e9cifique. <\/p>\n\n\n\n<p>C'est comme si le cerveau avait dit: \"H\u00e9, il me semble familier!\" \ud83e\udd37\u200d\u2640\ufe0f<\/p>\n\n\n\n<h3 class=\"wp-block-heading\">L'\u00e9nigme persiste: la science continue de d\u00e9m\u00ealer le d\u00e9j\u00e0-vu<\/h3>\n\n\n\n<p>Malgr\u00e9 les diff\u00e9rentes th\u00e9ories et avanc\u00e9es des neurosciences, le D\u00e9j\u00e0 vu est toujours un ph\u00e9nom\u00e8ne complexe et tous ses myst\u00e8res n'ont pas \u00e9t\u00e9 compl\u00e8tement d\u00e9voil\u00e9s. <\/p>\n\n\n\n<p>La nature \u00e9ph\u00e9m\u00e8re et impr\u00e9visible de la sensation rend difficile l'\u00e9tude en laboratoire. Cependant, la recherche se poursuit, en utilisant des techniques telles que la neuroimagerie et les rapports de rapports de personnes qui \u00e9prouvent fr\u00e9quemment le VU du d\u00e9j\u00e0. <\/p>\n\n\n\n<p>Chaque nouvelle d\u00e9couverte nous rapproche un peu de la compr\u00e9hension de cette danse particuli\u00e8re entre la perception du pr\u00e9sent et les profondeurs de notre m\u00e9moire. <\/p>\n\n\n\n<p>Qui sait quels secrets notre cerveau nous r\u00e9serve toujours? \ud83d\ude09<\/p>\n\n\n\n<p>Avez-vous d\u00e9j\u00e0 ressenti le d\u00e9j\u00e0-vu? Quelle a \u00e9t\u00e9 la situation la plus frappante? Partagez votre exp\u00e9rience dans les commentaires ci-dessous! \ud83d\udc47 <\/p>\n\n\n\n<p>Et si vous avez trouv\u00e9 cette exploitation scientifique fascinante, partagez cet article avec vos amis curieux! \ud83d\ude80<\/p>","protected":false},"excerpt":{"rendered":"<p>D\u00e9m\u00ealez les myst\u00e8res de D\u00c9J\u00e0 Vu! Explorez les th\u00e9ories scientifiques qui expliquent cet \u00e9trange sentiment de familiarit\u00e9 avec l'inconnu.<\/p>","protected":false},"author":3,"featured_media":4421,"comment_status":"open","ping_status":"open","sticky":false,"template":"","format":"standard","meta":{"_jetpack_memberships_contains_paid_content":false,"footnotes":""},"categories":[167],"tags":[218,219,220],"class_list":["post-4398","post","type-post","status-publish","format-standard","has-post-thumbnail","hentry","category-curiosidades","tag-ciencia","tag-deja-vu","tag-neurociencia"],"blocksy_meta":[],"jetpack_featured_media_url":"https:\/\/i0.wp.com\/horatech.shop\/wp-content\/uploads\/2025\/04\/Por-que-sentimos-%E2%80%98deja-vu-%E2%80%93-A-ciencia-por-tras-dessa-sensacao.png?fit=1200%2C800&ssl=1","jetpack_sharing_enabled":true,"_links":{"self":[{"href":"https:\/\/horatech.shop\/fr\/wp-json\/wp\/v2\/posts\/4398","targetHints":{"allow":["GET"]}}],"collection":[{"href":"https:\/\/horatech.shop\/fr\/wp-json\/wp\/v2\/posts"}],"about":[{"href":"https:\/\/horatech.shop\/fr\/wp-json\/wp\/v2\/types\/post"}],"author":[{"embeddable":true,"href":"https:\/\/horatech.shop\/fr\/wp-json\/wp\/v2\/users\/3"}],"replies":[{"embeddable":true,"href":"https:\/\/horatech.shop\/fr\/wp-json\/wp\/v2\/comments?post=4398"}],"version-history":[{"count":3,"href":"https:\/\/horatech.shop\/fr\/wp-json\/wp\/v2\/posts\/4398\/revisions"}],"predecessor-version":[{"id":4422,"href":"https:\/\/horatech.shop\/fr\/wp-json\/wp\/v2\/posts\/4398\/revisions\/4422"}],"wp:featuredmedia":[{"embeddable":true,"href":"https:\/\/horatech.shop\/fr\/wp-json\/wp\/v2\/media\/4421"}],"wp:attachment":[{"href":"https:\/\/horatech.shop\/fr\/wp-json\/wp\/v2\/media?parent=4398"}],"wp:term":[{"taxonomy":"category","embeddable":true,"href":"https:\/\/horatech.shop\/fr\/wp-json\/wp\/v2\/categories?post=4398"},{"taxonomy":"post_tag","embeddable":true,"href":"https:\/\/horatech.shop\/fr\/wp-json\/wp\/v2\/tags?post=4398"}],"curies":[{"name":"wp","href":"https:\/\/api.w.org\/{rel}","templated":true}]}}