{"id":4398,"date":"2025-04-28T18:02:14","date_gmt":"2025-04-28T21:02:14","guid":{"rendered":"https:\/\/horatech.shop\/?p=4398"},"modified":"2025-04-28T18:02:16","modified_gmt":"2025-04-28T21:02:16","slug":"por-que-sentimos-deja-vu-a-ciencia-por-tras-dessa-sensacao","status":"publish","type":"post","link":"https:\/\/horatech.shop\/es\/por-que-sentimos-deja-vu-a-ciencia-por-tras-dessa-sensacao\/","title":{"rendered":"\u00bfPor qu\u00e9 sentimos 'd\u00e9j\u00e0 vu'? - La ciencia detr\u00e1s de esta sensaci\u00f3n"},"content":{"rendered":"<p>\u00bfHas tenido esa extra\u00f1a sensaci\u00f3n de haber vivido exactamente ese momento antes? \ud83e\udd2f Una conversaci\u00f3n, un lugar, incluso un olor ... todo parece incre\u00edblemente familiar, incluso si su mente racional dice lo contrario. <\/p>\n\n\n\n<p>Esta experiencia intrigante es la famosa \"d\u00e9j\u00e0 vu\" (de los franceses, \"ya visto\"), y cr\u00e9anme, \u00a1es mucho m\u00e1s com\u00fan de lo que piensas! <\/p>\n\n\n\n<p>Hoy, vamos a sumergirnos en el fascinante mundo de la neurociencia para desentra\u00f1ar los misterios detr\u00e1s de esta sensaci\u00f3n m\u00e1s all\u00e1 de la curiosa. <\/p>\n\n\n\n<figure class=\"wp-block-image aligncenter size-large\"><img data-recalc-dims=\"1\" decoding=\"async\" width=\"1024\" height=\"683\" src=\"https:\/\/i0.wp.com\/horatech.shop\/wp-content\/uploads\/2025\/04\/Por-que-sentimos-%E2%80%98deja-vu-%E2%80%93-A-ciencia-por-tras-dessa-sensacao.png?resize=1024%2C683&#038;ssl=1\" alt=\"\" class=\"wp-image-4421\" srcset=\"https:\/\/i0.wp.com\/horatech.shop\/wp-content\/uploads\/2025\/04\/Por-que-sentimos-%E2%80%98deja-vu-%E2%80%93-A-ciencia-por-tras-dessa-sensacao.png?resize=1024%2C683&amp;ssl=1 1024w, https:\/\/i0.wp.com\/horatech.shop\/wp-content\/uploads\/2025\/04\/Por-que-sentimos-%E2%80%98deja-vu-%E2%80%93-A-ciencia-por-tras-dessa-sensacao.png?resize=300%2C200&amp;ssl=1 300w, https:\/\/i0.wp.com\/horatech.shop\/wp-content\/uploads\/2025\/04\/Por-que-sentimos-%E2%80%98deja-vu-%E2%80%93-A-ciencia-por-tras-dessa-sensacao.png?resize=768%2C512&amp;ssl=1 768w, https:\/\/i0.wp.com\/horatech.shop\/wp-content\/uploads\/2025\/04\/Por-que-sentimos-%E2%80%98deja-vu-%E2%80%93-A-ciencia-por-tras-dessa-sensacao.png?resize=18%2C12&amp;ssl=1 18w, https:\/\/i0.wp.com\/horatech.shop\/wp-content\/uploads\/2025\/04\/Por-que-sentimos-%E2%80%98deja-vu-%E2%80%93-A-ciencia-por-tras-dessa-sensacao.png?resize=150%2C100&amp;ssl=1 150w, https:\/\/i0.wp.com\/horatech.shop\/wp-content\/uploads\/2025\/04\/Por-que-sentimos-%E2%80%98deja-vu-%E2%80%93-A-ciencia-por-tras-dessa-sensacao.png?w=1200&amp;ssl=1 1200w\" sizes=\"(max-width: 1024px) 100vw, 1024px\" \/><figcaption class=\"wp-element-caption\"><em>Reproducci\u00f3n: Pixabay<\/em><\/figcaption><\/figure>\n\n\n\n<p>\u00a1Prep\u00e1rate para explorar las teor\u00edas cient\u00edficas que intentan explicar por qu\u00e9 a veces nuestro cerebro nos predica esta pieza! \ud83e\udde0<\/p>\n\n\n\n<h2 class=\"wp-block-heading\">La danza de la memoria: desentra\u00f1ar los secretos cient\u00edficos de D\u00e9j\u00e0 Vu<\/h2>\n\n\n\n<p>\u00bfQui\u00e9n nunca ha experimentado ese consejo de familiaridad inexplicable? Est\u00e1s en un lugar nuevo, hablando con alguien que acabas de conocer, pero una certeza extra\u00f1a te invade: has vivido exactamente esta escena antes. <\/p>\n\n\n\n<p>Esta sensaci\u00f3n fugaz y misteriosa es d\u00e9j\u00e0 vu, un fen\u00f3meno que intriga a cient\u00edficos y fil\u00f3sofos durante siglos. <\/p>\n\n\n\n<p>Lejos de ser un lapso en la matriz o una premonici\u00f3n, D\u00e9j\u00e0 Vu tiene explicaciones cient\u00edficas fascinantes que implican el funcionamiento complejo de nuestro cerebro y la forma en que procesamos los recuerdos. \u00a1Exploremos algunas de las teor\u00edas m\u00e1s aceptadas! \ud83e\uddd0<\/p>\n\n\n\n<h3 class=\"wp-block-heading\">1. La hip\u00f3tesis del \"cortocircuito\" en la memoria \u26a1<\/h3>\n\n\n\n<p>Una de las teor\u00edas m\u00e1s populares sugiere que d\u00e9j\u00e0 vu puede ser causado por una peque\u00f1a \"asfixia\" en el procesamiento de la memoria en nuestro cerebro. <\/p>\n\n\n\n<p>Imagine que la informaci\u00f3n sensorial sobre este momento (lo que ve, escucha, siente) generalmente sigue una forma de memoria a corto plazo y luego a la memoria a largo plazo donde se almacena y recupera.<\/p>\n\n\n\n<p>La hip\u00f3tesis del cortocircuito propone que, a veces, esta informaci\u00f3n sensorial puede \"omitir\" la etapa de memoria a corto plazo y ir directamente a la memoria a largo plazo. <\/p>\n\n\n\n<p>Esto har\u00eda que el cerebro interprete la experiencia actual como algo ya almacenado, generando ese extra\u00f1o sentimiento de familiaridad. <\/p>\n\n\n\n<p>Es como si el presente fuera err\u00f3neamente \"archivado\" como aprobado. \ud83d\udcc2<\/p>\n\n\n\n<h3 class=\"wp-block-heading\">2. La teor\u00eda del \"doble procesamiento\" o la disconizaci\u00f3n temporal \u23f3<\/h3>\n\n\n\n<p>Otra explicaci\u00f3n interesante implica la idea de que nuestro cerebro procesa informaci\u00f3n en diferentes \u00e1reas y velocidades. <\/p>\n\n\n\n<p>La teor\u00eda de doble procesamiento sugiere que a veces puede haber una ligera disconizaci\u00f3n en un momento en que esta informaci\u00f3n llega a las \u00e1reas responsables de la percepci\u00f3n y la memoria.<\/p>\n\n\n\n<p>En este escenario, parte de su cerebro puede procesar la experiencia un poco m\u00e1s r\u00e1pido que otro. <\/p>\n\n\n\n<p>Esta peque\u00f1a diferencia de tiempo te har\u00eda darte cuenta del momento actual como algo que se ha procesado (incluso si fuera solo una fracci\u00f3n de segundo antes), creando la sensaci\u00f3n de d\u00e9j\u00e0 vu. <\/p>\n\n\n\n<p>Es como si el \"ahora\" llegue a tu cerebro en dos \"olas\" ligeramente rezagadas. \ud83c\udf0a<\/p>\n\n\n\n<h3 class=\"wp-block-heading\">3. Fallas de recuperaci\u00f3n de memoria: un \"archivo\" casi al que se accede \"\ud83d\udd75\ufe0f\u200d\u2640\ufe0f<\/h3>\n\n\n\n<p>Una tercera teor\u00eda se centra en las fallas en la forma en que recuperamos los recuerdos. Nuestro cerebro busca constantemente patrones e intenta hacer conexiones con experiencias pasadas. <\/p>\n\n\n\n<p>D\u00e9j\u00e0 vu podr\u00eda ocurrir cuando una experiencia actual comparte elementos (visuales, sonoros, olfativos) con una memoria antigua que no es totalmente accesible para nuestra conciencia.<\/p>\n\n\n\n<p>En este caso, el cerebro reconocer\u00eda estos elementos familiares, pero no podr\u00eda acceder a la memoria completa. <\/p>\n\n\n\n<p>Este \"consejo\" de familiaridad, sin la memoria completa, podr\u00eda generar la extra\u00f1a sensaci\u00f3n de d\u00e9j\u00e0 vu. <\/p>\n\n\n\n<p>Es como tratar de recordar el nombre de alguien que conoces, pero solo puedo sentir que te conoces. \ud83e\udd14<\/p>\n\n\n\n<h3 class=\"wp-block-heading\">4. La perspectiva de la micro-crisis epil\u00e9ptica \ud83e\udde0 (en casos espec\u00edficos)<\/h3>\n\n\n\n<p>Aunque la mayor\u00eda de los ocurrencias de d\u00e9j\u00e0 vu son breves e inofensivos, en algunos casos m\u00e1s raros y m\u00e1s frecuentes, el fen\u00f3meno puede estar asociado con microhames epil\u00e9pticos que afectan el l\u00f3bulo temporal del cerebro, un \u00e1rea importante para la memoria y el reconocimiento. <\/p>\n\n\n\n<p>En tales casos, D\u00e9j\u00e0 Vu puede ir acompa\u00f1ado de otras sensaciones inusuales. <\/p>\n\n\n\n<p>Si experimenta d\u00e9j\u00e0 vu muy a menudo o intensamente, es importante buscar atenci\u00f3n m\u00e9dica para investigar esta posibilidad. \u26a0\ufe0f<\/p>\n\n\n\n<h3 class=\"wp-block-heading\">5. El papel de la familiaridad y el reconocimiento \ud83d\udc41\ufe0f\ud83d\udc42\ud83d\udc43<\/h3>\n\n\n\n<p>Una teor\u00eda m\u00e1s simple sugiere que d\u00e9j\u00e0 vu puede ser el resultado de una sensaci\u00f3n de familiaridad exagerada con una nueva experiencia. <\/p>\n\n\n\n<p>Nuestro cerebro est\u00e1 constantemente tratando de encontrar patrones y reconocer lo que hemos visto, escuchado o sentido. <\/p>\n\n\n\n<p>En algunas situaciones, una combinaci\u00f3n \u00fanica de elementos sensoriales en un nuevo entorno puede evocar un fuerte sentido de familiaridad, incluso si no hay memoria espec\u00edfica. <\/p>\n\n\n\n<p>Es como si el cerebro dijera: \"\u00a1Hola, me parece familiar!\" \ud83e\udd37\u200d\u2640\ufe0f<\/p>\n\n\n\n<h3 class=\"wp-block-heading\">El acertijo persiste: la ciencia contin\u00faa desentra\u00f1ando el d\u00e9j\u00e0 vu<\/h3>\n\n\n\n<p>A pesar de las diversas teor\u00edas y avances en la neurociencia, D\u00e9j\u00e0 Vu sigue siendo un fen\u00f3meno complejo y no todos sus misterios se han presentado por completo. <\/p>\n\n\n\n<p>La naturaleza fugaz e impredecible de la sensaci\u00f3n hace que sea dif\u00edcil estudiar en el laboratorio. Sin embargo, la investigaci\u00f3n contin\u00faa, utilizando t\u00e9cnicas como la neuroimagen y los informes de informes de personas que experimentan el VU d\u00e9j\u00e0 con frecuencia. <\/p>\n\n\n\n<p>Cada nuevo descubrimiento nos acerca un poco m\u00e1s a comprender este baile peculiar entre la percepci\u00f3n del presente y las profundidades de nuestra memoria. <\/p>\n\n\n\n<p>\u00bfQui\u00e9n sabe qu\u00e9 secretos todav\u00eda nos reserva nuestro cerebro? \ud83d\ude09<\/p>\n\n\n\n<p>\u00bfAlguna vez has sentido d\u00e9j\u00e0 vu? \u00bfCu\u00e1l fue la situaci\u00f3n m\u00e1s llamativa? \u00a1Comparta su experiencia en los comentarios a continuaci\u00f3n! \ud83d\udc47 <\/p>\n\n\n\n<p>Y si encontr\u00f3 esta fascinante explotaci\u00f3n cient\u00edfica, \u00a1comparta este art\u00edculo con sus curiosos amigos! \ud83d\ude80<\/p>","protected":false},"excerpt":{"rendered":"<p>\u00a1Desl\u00e1vese los misterios de d\u00e9j\u00e0 vu! Explore las teor\u00edas cient\u00edficas que explican esta extra\u00f1a sensaci\u00f3n de familiaridad con lo desconocido.<\/p>","protected":false},"author":3,"featured_media":4421,"comment_status":"open","ping_status":"open","sticky":false,"template":"","format":"standard","meta":{"_jetpack_memberships_contains_paid_content":false,"footnotes":""},"categories":[167],"tags":[218,219,220],"class_list":["post-4398","post","type-post","status-publish","format-standard","has-post-thumbnail","hentry","category-curiosidades","tag-ciencia","tag-deja-vu","tag-neurociencia"],"blocksy_meta":[],"jetpack_featured_media_url":"https:\/\/i0.wp.com\/horatech.shop\/wp-content\/uploads\/2025\/04\/Por-que-sentimos-%E2%80%98deja-vu-%E2%80%93-A-ciencia-por-tras-dessa-sensacao.png?fit=1200%2C800&ssl=1","jetpack_sharing_enabled":true,"_links":{"self":[{"href":"https:\/\/horatech.shop\/es\/wp-json\/wp\/v2\/posts\/4398","targetHints":{"allow":["GET"]}}],"collection":[{"href":"https:\/\/horatech.shop\/es\/wp-json\/wp\/v2\/posts"}],"about":[{"href":"https:\/\/horatech.shop\/es\/wp-json\/wp\/v2\/types\/post"}],"author":[{"embeddable":true,"href":"https:\/\/horatech.shop\/es\/wp-json\/wp\/v2\/users\/3"}],"replies":[{"embeddable":true,"href":"https:\/\/horatech.shop\/es\/wp-json\/wp\/v2\/comments?post=4398"}],"version-history":[{"count":3,"href":"https:\/\/horatech.shop\/es\/wp-json\/wp\/v2\/posts\/4398\/revisions"}],"predecessor-version":[{"id":4422,"href":"https:\/\/horatech.shop\/es\/wp-json\/wp\/v2\/posts\/4398\/revisions\/4422"}],"wp:featuredmedia":[{"embeddable":true,"href":"https:\/\/horatech.shop\/es\/wp-json\/wp\/v2\/media\/4421"}],"wp:attachment":[{"href":"https:\/\/horatech.shop\/es\/wp-json\/wp\/v2\/media?parent=4398"}],"wp:term":[{"taxonomy":"category","embeddable":true,"href":"https:\/\/horatech.shop\/es\/wp-json\/wp\/v2\/categories?post=4398"},{"taxonomy":"post_tag","embeddable":true,"href":"https:\/\/horatech.shop\/es\/wp-json\/wp\/v2\/tags?post=4398"}],"curies":[{"name":"wp","href":"https:\/\/api.w.org\/{rel}","templated":true}]}}